{"id":85,"date":"2023-12-18T11:47:30","date_gmt":"2023-12-18T16:47:30","guid":{"rendered":"https:\/\/www.lamartina.edu.pe\/web\/?p=85"},"modified":"2023-12-18T11:47:31","modified_gmt":"2023-12-18T16:47:31","slug":"salud-mental-y-bienestar-emocional-en-tiempos-de-crisis","status":"publish","type":"post","link":"https:\/\/www.lamartina.edu.pe\/web\/2023\/12\/18\/salud-mental-y-bienestar-emocional-en-tiempos-de-crisis\/","title":{"rendered":"Salud mental y bienestar emocional en tiempos de crisis"},"content":{"rendered":"\n<figure class=\"wp-block-image size-full\"><img fetchpriority=\"high\" decoding=\"async\" width=\"902\" height=\"602\" src=\"https:\/\/www.lamartina.edu.pe\/web\/wp-content\/uploads\/2023\/12\/3.Salud-mental-y-bienestar-emocional-en-tiempos-de-crisis.jpg\" alt=\"\" class=\"wp-image-7354\"\/><\/figure>\n\n\n\n<p>El curso aborda estrategias cruciales para mantener la salud mental y el bienestar emocional durante situaciones de crisis. Ofrece herramientas pr\u00e1cticas, t\u00e9cnicas de autogesti\u00f3n emocional y recursos para fortalecer la resiliencia y afrontar desaf\u00edos con equilibrio y bienestar.<\/p>\n\n\n\n<p><strong>TEMAS (Esto se te va a alcanzar):<\/strong><\/p>\n\n\n\n<ul>\n<li>KLSDLSJKDLJSLDS<\/li>\n\n\n\n<li>DFDGDFGDF<\/li>\n\n\n\n<li>FGFDGDFG<\/li>\n\n\n\n<li>FDGFDGDF<\/li>\n<\/ul>\n\n\n\n<p><strong>Este caso va dirigido A:<\/strong><\/p>\n\n\n\n<ul>\n<li>Profesionales de la salud mental y psic\u00f3logos.<\/li>\n\n\n\n<li>Trabajadores sociales y terapeutas comunitarios.<\/li>\n\n\n\n<li>Personal m\u00e9dico y de enfermer\u00eda en situaciones de emergencia.<\/li>\n\n\n\n<li>Educadores y orientadores escolares.<\/li>\n\n\n\n<li>Empresarios y l\u00edderes en entornos laborales estresantes.<\/li>\n\n\n\n<li>Individuos experimentando estr\u00e9s cr\u00f3nico o situaciones dif\u00edciles.<\/li>\n\n\n\n<li>Familiares y cuidadores apoyando a seres queridos en crisis.<\/li>\n\n\n\n<li>Voluntarios en servicios de apoyo emocional y psicosocial.<\/li>\n\n\n\n<li>Responsables de pol\u00edticas de salud mental y bienestar.<\/li>\n\n\n\n<li>Cualquier persona interesada en fortalecer su resiliencia emocional en momentos desafiantes.<\/li>\n<\/ul>\n\n\n\n<p><strong>DURACI\u00d3N:<\/strong><\/p>\n\n\n\n<p>250 hora acad\u00e9micas.<\/p>\n\n\n\n<p><strong>CERTIFICADO:<\/strong><\/p>\n\n\n\n<p>Salud mental y bienestar emocional en tiempos de crisis<\/p>\n","protected":false},"excerpt":{"rendered":"<p>El curso aborda estrategias cruciales para mantener la salud mental y el bienestar emocional durante situaciones de crisis. Ofrece herramientas [&hellip;]<\/p>\n","protected":false},"author":2,"featured_media":0,"comment_status":"open","ping_status":"open","sticky":false,"template":"","format":"standard","meta":{"footnotes":""},"categories":[30,27],"tags":[],"_links":{"self":[{"href":"https:\/\/www.lamartina.edu.pe\/web\/wp-json\/wp\/v2\/posts\/85"}],"collection":[{"href":"https:\/\/www.lamartina.edu.pe\/web\/wp-json\/wp\/v2\/posts"}],"about":[{"href":"https:\/\/www.lamartina.edu.pe\/web\/wp-json\/wp\/v2\/types\/post"}],"author":[{"embeddable":true,"href":"https:\/\/www.lamartina.edu.pe\/web\/wp-json\/wp\/v2\/users\/2"}],"replies":[{"embeddable":true,"href":"https:\/\/www.lamartina.edu.pe\/web\/wp-json\/wp\/v2\/comments?post=85"}],"version-history":[{"count":2,"href":"https:\/\/www.lamartina.edu.pe\/web\/wp-json\/wp\/v2\/posts\/85\/revisions"}],"predecessor-version":[{"id":7355,"href":"https:\/\/www.lamartina.edu.pe\/web\/wp-json\/wp\/v2\/posts\/85\/revisions\/7355"}],"wp:attachment":[{"href":"https:\/\/www.lamartina.edu.pe\/web\/wp-json\/wp\/v2\/media?parent=85"}],"wp:term":[{"taxonomy":"category","embeddable":true,"href":"https:\/\/www.lamartina.edu.pe\/web\/wp-json\/wp\/v2\/categories?post=85"},{"taxonomy":"post_tag","embeddable":true,"href":"https:\/\/www.lamartina.edu.pe\/web\/wp-json\/wp\/v2\/tags?post=85"}],"curies":[{"name":"wp","href":"https:\/\/api.w.org\/{rel}","templated":true}]}}