{"id":79,"date":"2023-12-18T11:45:47","date_gmt":"2023-12-18T16:45:47","guid":{"rendered":"https:\/\/www.lamartina.edu.pe\/web\/?p=79"},"modified":"2023-12-18T11:45:50","modified_gmt":"2023-12-18T16:45:50","slug":"atencion-primaria-de-salud-y-salud-familiar-y-comunitaria","status":"publish","type":"post","link":"https:\/\/www.lamartina.edu.pe\/web\/2023\/12\/18\/atencion-primaria-de-salud-y-salud-familiar-y-comunitaria\/","title":{"rendered":"Atenci\u00f3n primaria de salud y salud familiar y comunitaria"},"content":{"rendered":"\n<figure class=\"wp-block-gallery has-nested-images columns-default is-cropped wp-block-gallery-1 is-layout-flex wp-block-gallery-is-layout-flex\">\n<figure class=\"wp-block-image size-full\"><img fetchpriority=\"high\" decoding=\"async\" width=\"900\" height=\"600\" data-id=\"7352\" src=\"https:\/\/www.lamartina.edu.pe\/web\/wp-content\/uploads\/2023\/12\/2.Atencion-primaria-de-salud-y-salud-familiar-y-comunitaria.jpg\" alt=\"\" class=\"wp-image-7352\"\/><\/figure>\n<\/figure>\n\n\n\n<p>El curso aborda la atenci\u00f3n primaria de salud y el enfoque integral de salud familiar y comunitaria. Explora pr\u00e1cticas centradas en la prevenci\u00f3n, promoci\u00f3n y cuidado, fortaleciendo habilidades para ofrecer atenci\u00f3n de calidad en contextos comunitarios diversos.<\/p>\n\n\n\n<p><strong>TEMAS (Esto se te va a alcanzar):<\/strong><\/p>\n\n\n\n<ul>\n<li>KLSDLSJKDLJSLDS<\/li>\n\n\n\n<li>DFDGDFGDF<\/li>\n\n\n\n<li>FGFDGDFG<\/li>\n\n\n\n<li>FDGFDGDF<\/li>\n<\/ul>\n\n\n\n<p> &#8211;&nbsp; Profesionales de la salud interesados en atenci\u00f3n primaria y medicina comunitaria.<\/p>\n\n\n\n<p>&#8211; Estudiantes de medicina, enfermer\u00eda o carreras afines.<\/p>\n\n\n\n<p>&#8211; Trabajadores sociales y personal de apoyo comunitario.<\/p>\n\n\n\n<p>&#8211; Administradores y gestores de centros de salud y programas comunitarios.<\/p>\n\n\n\n<p>&#8211; Investigadores y acad\u00e9micos enfocados en pol\u00edticas de salud p\u00fablica.<\/p>\n\n\n\n<p>&#8211; Voluntarios y activistas comprometidos con el bienestar comunitario.<\/p>\n\n\n\n<p>&#8211; L\u00edderes comunitarios y promotores de salud.<\/p>\n\n\n\n<p>&#8211; Profesionales de la salud mental interesados en enfoques hol\u00edsticos de atenci\u00f3n.<\/p>\n\n\n\n<p><strong>DURACI\u00d3N:<\/strong><\/p>\n\n\n\n<p>250 hora acad\u00e9micas.<\/p>\n\n\n\n<p><strong>CERTIFICADO:<\/strong><\/p>\n\n\n\n<p>Atenci\u00f3n primaria de salud y salud familiar y comunitaria<\/p>\n","protected":false},"excerpt":{"rendered":"<p>El curso aborda la atenci\u00f3n primaria de salud y el enfoque integral de salud familiar y comunitaria. Explora pr\u00e1cticas centradas [&hellip;]<\/p>\n","protected":false},"author":2,"featured_media":0,"comment_status":"open","ping_status":"open","sticky":false,"template":"","format":"standard","meta":{"footnotes":""},"categories":[29,27],"tags":[],"_links":{"self":[{"href":"https:\/\/www.lamartina.edu.pe\/web\/wp-json\/wp\/v2\/posts\/79"}],"collection":[{"href":"https:\/\/www.lamartina.edu.pe\/web\/wp-json\/wp\/v2\/posts"}],"about":[{"href":"https:\/\/www.lamartina.edu.pe\/web\/wp-json\/wp\/v2\/types\/post"}],"author":[{"embeddable":true,"href":"https:\/\/www.lamartina.edu.pe\/web\/wp-json\/wp\/v2\/users\/2"}],"replies":[{"embeddable":true,"href":"https:\/\/www.lamartina.edu.pe\/web\/wp-json\/wp\/v2\/comments?post=79"}],"version-history":[{"count":3,"href":"https:\/\/www.lamartina.edu.pe\/web\/wp-json\/wp\/v2\/posts\/79\/revisions"}],"predecessor-version":[{"id":7353,"href":"https:\/\/www.lamartina.edu.pe\/web\/wp-json\/wp\/v2\/posts\/79\/revisions\/7353"}],"wp:attachment":[{"href":"https:\/\/www.lamartina.edu.pe\/web\/wp-json\/wp\/v2\/media?parent=79"}],"wp:term":[{"taxonomy":"category","embeddable":true,"href":"https:\/\/www.lamartina.edu.pe\/web\/wp-json\/wp\/v2\/categories?post=79"},{"taxonomy":"post_tag","embeddable":true,"href":"https:\/\/www.lamartina.edu.pe\/web\/wp-json\/wp\/v2\/tags?post=79"}],"curies":[{"name":"wp","href":"https:\/\/api.w.org\/{rel}","templated":true}]}}