{"id":76,"date":"2023-12-18T11:05:43","date_gmt":"2023-12-18T16:05:43","guid":{"rendered":"https:\/\/www.lamartina.edu.pe\/web\/?p=76"},"modified":"2023-12-18T11:43:10","modified_gmt":"2023-12-18T16:43:10","slug":"prevencion-y-control-de-enfermedades-infecciosas-emergentes-y-reemergentes","status":"publish","type":"post","link":"https:\/\/www.lamartina.edu.pe\/web\/2023\/12\/18\/prevencion-y-control-de-enfermedades-infecciosas-emergentes-y-reemergentes\/","title":{"rendered":"Prevenci\u00f3n y control de enfermedades infecciosas emergentes y reemergentes"},"content":{"rendered":"\n<figure class=\"wp-block-image size-full\"><img fetchpriority=\"high\" decoding=\"async\" width=\"900\" height=\"600\" src=\"https:\/\/www.lamartina.edu.pe\/web\/wp-content\/uploads\/2023\/12\/1.Prevencion-y-control-de-enfermedades-infecciosas-emergentes-y-reemergentes.jpg\" alt=\"\" class=\"wp-image-7350\"\/><\/figure>\n\n\n\n<p>Este curso ofrece un enfoque integral sobre la prevenci\u00f3n y control de enfermedades infecciosas emergentes y reemergentes. Explora estrategias innovadoras, herramientas de detecci\u00f3n, intervenciones preventivas y pol\u00edticas de salud p\u00fablica, capacitando para enfrentar desaf\u00edos epidemiol\u00f3gicos contempor\u00e1neos con soluciones efectivas<\/p>\n\n\n\n<p><strong>TEMAS (Esto se te va a alcanzar):<\/strong><\/p>\n\n\n\n<ul>\n<li>KLSDLSJKDLJSLDS<\/li>\n\n\n\n<li>DFDGDFGDF<\/li>\n\n\n\n<li>FGFDGDFG<\/li>\n\n\n\n<li>FDGFDGDF<\/li>\n<\/ul>\n\n\n\n<ul>\n<li>Profesionales de la Salud: M\u00e9dicos, enfermeros, microbi\u00f3logos, epidemi\u00f3logos, farmac\u00e9uticos, etc.<\/li>\n\n\n\n<li>Investigadores: Especialmente aquellos que trabajan en el campo de enfermedades infecciosas y salud p\u00fablica.<\/li>\n\n\n\n<li>Gestores de Emergencias y Crisis: Personas involucradas en la planificaci\u00f3n y gesti\u00f3n de situaciones de emergencia relacionadas con enfermedades infecciosas.<\/li>\n\n\n\n<li>funcionarios de Salud P\u00fablica: Trabajadores del sector p\u00fablico dedicados a la promoci\u00f3n y protecci\u00f3n de la salud de la poblaci\u00f3n.<\/li>\n\n\n\n<li>Profesionales de Pol\u00edtica de Salud: Aquellos que participan en la formulaci\u00f3n y aplicaci\u00f3n de pol\u00edticas de salud a nivel gubernamental o instituciones<\/li>\n<\/ul>\n\n\n\n<p><strong>DURACI\u00d3N:<\/strong><\/p>\n\n\n\n<p>250 hora acad\u00e9micas.<\/p>\n\n\n\n<p><strong>CERTIFICADO:<\/strong><\/p>\n\n\n\n<p>Prevenci\u00f3n y control de enfermedades infecciosas emergentes y reemergentes<\/p>\n","protected":false},"excerpt":{"rendered":"<p>Este curso ofrece un enfoque integral sobre la prevenci\u00f3n y control de enfermedades infecciosas emergentes y reemergentes. Explora estrategias innovadoras, [&hellip;]<\/p>\n","protected":false},"author":2,"featured_media":0,"comment_status":"open","ping_status":"open","sticky":false,"template":"","format":"standard","meta":{"footnotes":""},"categories":[28,27],"tags":[],"_links":{"self":[{"href":"https:\/\/www.lamartina.edu.pe\/web\/wp-json\/wp\/v2\/posts\/76"}],"collection":[{"href":"https:\/\/www.lamartina.edu.pe\/web\/wp-json\/wp\/v2\/posts"}],"about":[{"href":"https:\/\/www.lamartina.edu.pe\/web\/wp-json\/wp\/v2\/types\/post"}],"author":[{"embeddable":true,"href":"https:\/\/www.lamartina.edu.pe\/web\/wp-json\/wp\/v2\/users\/2"}],"replies":[{"embeddable":true,"href":"https:\/\/www.lamartina.edu.pe\/web\/wp-json\/wp\/v2\/comments?post=76"}],"version-history":[{"count":2,"href":"https:\/\/www.lamartina.edu.pe\/web\/wp-json\/wp\/v2\/posts\/76\/revisions"}],"predecessor-version":[{"id":7351,"href":"https:\/\/www.lamartina.edu.pe\/web\/wp-json\/wp\/v2\/posts\/76\/revisions\/7351"}],"wp:attachment":[{"href":"https:\/\/www.lamartina.edu.pe\/web\/wp-json\/wp\/v2\/media?parent=76"}],"wp:term":[{"taxonomy":"category","embeddable":true,"href":"https:\/\/www.lamartina.edu.pe\/web\/wp-json\/wp\/v2\/categories?post=76"},{"taxonomy":"post_tag","embeddable":true,"href":"https:\/\/www.lamartina.edu.pe\/web\/wp-json\/wp\/v2\/tags?post=76"}],"curies":[{"name":"wp","href":"https:\/\/api.w.org\/{rel}","templated":true}]}}