{"id":7179,"date":"2023-12-18T15:37:11","date_gmt":"2023-12-18T20:37:11","guid":{"rendered":"https:\/\/www.lamartina.edu.pe\/web\/?p=7179"},"modified":"2023-12-18T15:37:12","modified_gmt":"2023-12-18T20:37:12","slug":"desarrollo-de-habilidades-de-gestion-del-estres-y-la-resiliencia","status":"publish","type":"post","link":"https:\/\/www.lamartina.edu.pe\/web\/2023\/12\/18\/desarrollo-de-habilidades-de-gestion-del-estres-y-la-resiliencia\/","title":{"rendered":"Desarrollo de habilidades de gesti\u00f3n del estr\u00e9s y la resiliencia"},"content":{"rendered":"\n<figure class=\"wp-block-image size-full\"><img fetchpriority=\"high\" decoding=\"async\" width=\"900\" height=\"600\" src=\"https:\/\/www.lamartina.edu.pe\/web\/wp-content\/uploads\/2023\/12\/07.Desarrollo-de-habilidades-de-gestion-del-estres-y-la-resiliencia.jpg\" alt=\"\" class=\"wp-image-7409\"\/><\/figure>\n\n\n\n<p>capacita en t\u00e9cnicas pr\u00e1cticas y herramientas psicol\u00f3gicas para manejar presiones, promoviendo la adaptabilidad ante desaf\u00edos, fomentando la autorregulaci\u00f3n emocional y fortaleciendo la capacidad de recuperaci\u00f3n en entornos profesionales y personales.<\/p>\n\n\n\n<p>TEMAS (Esto se te va a alcanzar):<\/p>\n\n\n\n<ul>\n<li>KLSDLSJKDLJSLDS<\/li>\n\n\n\n<li>DFDGDFGDF<\/li>\n\n\n\n<li>FGFDGDFG<\/li>\n\n\n\n<li>FDGFDGDF<\/li>\n<\/ul>\n\n\n\n<p>En este caso va dirigido A:<\/p>\n\n\n\n<ul>\n<li>Profesionales de todas las \u00e1reas laborales.<\/li>\n\n\n\n<li>Estudiantes universitarios y de posgrado.<\/li>\n\n\n\n<li>Equipos empresariales y corporativos.<\/li>\n\n\n\n<li>Trabajadores remotos o teletrabajadores.<\/li>\n\n\n\n<li>Personas en procesos de cambio o transici\u00f3n.<\/li>\n\n\n\n<li>Cuidadores y profesionales de la salud.<\/li>\n\n\n\n<li>Emprendedores y l\u00edderes empresariales.<\/li>\n\n\n\n<li>Personal militar y de fuerzas de seguridad.<\/li>\n\n\n\n<li>Grupos comunitarios en situaciones de estr\u00e9s colectivo.<\/li>\n<\/ul>\n\n\n\n<p>DURACI\u00d3N:<\/p>\n\n\n\n<p>250 hora acad\u00e9micas.<\/p>\n\n\n\n<p>CERTIFICADO:<\/p>\n\n\n\n<p>Desarrollo de habilidades de gesti\u00f3n del estr\u00e9s y la resiliencia<\/p>\n","protected":false},"excerpt":{"rendered":"<p>capacita en t\u00e9cnicas pr\u00e1cticas y herramientas psicol\u00f3gicas para manejar presiones, promoviendo la adaptabilidad ante desaf\u00edos, fomentando la autorregulaci\u00f3n emocional y [&hellip;]<\/p>\n","protected":false},"author":2,"featured_media":0,"comment_status":"open","ping_status":"open","sticky":false,"template":"","format":"standard","meta":{"footnotes":""},"categories":[49,55],"tags":[],"_links":{"self":[{"href":"https:\/\/www.lamartina.edu.pe\/web\/wp-json\/wp\/v2\/posts\/7179"}],"collection":[{"href":"https:\/\/www.lamartina.edu.pe\/web\/wp-json\/wp\/v2\/posts"}],"about":[{"href":"https:\/\/www.lamartina.edu.pe\/web\/wp-json\/wp\/v2\/types\/post"}],"author":[{"embeddable":true,"href":"https:\/\/www.lamartina.edu.pe\/web\/wp-json\/wp\/v2\/users\/2"}],"replies":[{"embeddable":true,"href":"https:\/\/www.lamartina.edu.pe\/web\/wp-json\/wp\/v2\/comments?post=7179"}],"version-history":[{"count":2,"href":"https:\/\/www.lamartina.edu.pe\/web\/wp-json\/wp\/v2\/posts\/7179\/revisions"}],"predecessor-version":[{"id":7410,"href":"https:\/\/www.lamartina.edu.pe\/web\/wp-json\/wp\/v2\/posts\/7179\/revisions\/7410"}],"wp:attachment":[{"href":"https:\/\/www.lamartina.edu.pe\/web\/wp-json\/wp\/v2\/media?parent=7179"}],"wp:term":[{"taxonomy":"category","embeddable":true,"href":"https:\/\/www.lamartina.edu.pe\/web\/wp-json\/wp\/v2\/categories?post=7179"},{"taxonomy":"post_tag","embeddable":true,"href":"https:\/\/www.lamartina.edu.pe\/web\/wp-json\/wp\/v2\/tags?post=7179"}],"curies":[{"name":"wp","href":"https:\/\/api.w.org\/{rel}","templated":true}]}}