{"id":7177,"date":"2023-12-18T15:36:25","date_gmt":"2023-12-18T20:36:25","guid":{"rendered":"https:\/\/www.lamartina.edu.pe\/web\/?p=7177"},"modified":"2023-12-18T15:36:25","modified_gmt":"2023-12-18T20:36:25","slug":"desarrollo-de-habilidades-de-gestion-del-tiempo-y-la-productividad","status":"publish","type":"post","link":"https:\/\/www.lamartina.edu.pe\/web\/2023\/12\/18\/desarrollo-de-habilidades-de-gestion-del-tiempo-y-la-productividad\/","title":{"rendered":"Desarrollo de habilidades de gesti\u00f3n del tiempo y la productividad"},"content":{"rendered":"\n<figure class=\"wp-block-image size-full\"><img fetchpriority=\"high\" decoding=\"async\" width=\"900\" height=\"600\" src=\"https:\/\/www.lamartina.edu.pe\/web\/wp-content\/uploads\/2023\/12\/06.Desarrollo-de-habilidades-de-gestion-del-tiempo-y-la-productividad.png\" alt=\"\" class=\"wp-image-7407\"\/><\/figure>\n\n\n\n<p>ofrece estrategias pr\u00e1cticas y herramientas para optimizar la organizaci\u00f3n personal, priorizaci\u00f3n de tareas, delegaci\u00f3n efectiva y manejo del estr\u00e9s, potenciando as\u00ed la eficiencia laboral y el logro de metas profesionales.<\/p>\n\n\n\n<p>TEMAS (Esto se te va a alcanzar):<\/p>\n\n\n\n<ul>\n<li>KLSDLSJKDLJSLDS<\/li>\n\n\n\n<li>DFDGDFGDF<\/li>\n\n\n\n<li>FGFDGDFG<\/li>\n\n\n\n<li>FDGFDGDF<\/li>\n<\/ul>\n\n\n\n<p>En este caso va dirigido A:<\/p>\n\n\n\n<ul>\n<li>Profesionales en todas las etapas de sus carreras.<\/li>\n\n\n\n<li>Estudiantes universitarios y de posgrado.<\/li>\n\n\n\n<li>Emprendedores y due\u00f1os de negocios.<\/li>\n\n\n\n<li>Equipos de trabajo en empresas.<\/li>\n\n\n\n<li>Personas interesadas en mejorar su productividad personal.<\/li>\n\n\n\n<li>L\u00edderes y gerentes en busca de optimizaci\u00f3n laboral.<\/li>\n\n\n\n<li>Individuos que buscan equilibrar vida laboral y personal.<\/li>\n<\/ul>\n\n\n\n<p>DURACI\u00d3N:<\/p>\n\n\n\n<p>250 hora acad\u00e9micas.<\/p>\n\n\n\n<p>CERTIFICADO:<\/p>\n\n\n\n<p>Desarrollo de habilidades de gesti\u00f3n del tiempo y la productividad<\/p>\n","protected":false},"excerpt":{"rendered":"<p>ofrece estrategias pr\u00e1cticas y herramientas para optimizar la organizaci\u00f3n personal, priorizaci\u00f3n de tareas, delegaci\u00f3n efectiva y manejo del estr\u00e9s, potenciando [&hellip;]<\/p>\n","protected":false},"author":2,"featured_media":0,"comment_status":"open","ping_status":"open","sticky":false,"template":"","format":"standard","meta":{"footnotes":""},"categories":[49,54],"tags":[],"_links":{"self":[{"href":"https:\/\/www.lamartina.edu.pe\/web\/wp-json\/wp\/v2\/posts\/7177"}],"collection":[{"href":"https:\/\/www.lamartina.edu.pe\/web\/wp-json\/wp\/v2\/posts"}],"about":[{"href":"https:\/\/www.lamartina.edu.pe\/web\/wp-json\/wp\/v2\/types\/post"}],"author":[{"embeddable":true,"href":"https:\/\/www.lamartina.edu.pe\/web\/wp-json\/wp\/v2\/users\/2"}],"replies":[{"embeddable":true,"href":"https:\/\/www.lamartina.edu.pe\/web\/wp-json\/wp\/v2\/comments?post=7177"}],"version-history":[{"count":2,"href":"https:\/\/www.lamartina.edu.pe\/web\/wp-json\/wp\/v2\/posts\/7177\/revisions"}],"predecessor-version":[{"id":7408,"href":"https:\/\/www.lamartina.edu.pe\/web\/wp-json\/wp\/v2\/posts\/7177\/revisions\/7408"}],"wp:attachment":[{"href":"https:\/\/www.lamartina.edu.pe\/web\/wp-json\/wp\/v2\/media?parent=7177"}],"wp:term":[{"taxonomy":"category","embeddable":true,"href":"https:\/\/www.lamartina.edu.pe\/web\/wp-json\/wp\/v2\/categories?post=7177"},{"taxonomy":"post_tag","embeddable":true,"href":"https:\/\/www.lamartina.edu.pe\/web\/wp-json\/wp\/v2\/tags?post=7177"}],"curies":[{"name":"wp","href":"https:\/\/api.w.org\/{rel}","templated":true}]}}