{"id":7146,"date":"2023-12-18T12:16:43","date_gmt":"2023-12-18T17:16:43","guid":{"rendered":"https:\/\/www.lamartina.edu.pe\/web\/?p=7146"},"modified":"2023-12-18T12:16:43","modified_gmt":"2023-12-18T17:16:43","slug":"gestion-de-la-responsabilidad-social-y-la-sostenibilidad","status":"publish","type":"post","link":"https:\/\/www.lamartina.edu.pe\/web\/2023\/12\/18\/gestion-de-la-responsabilidad-social-y-la-sostenibilidad\/","title":{"rendered":"Gesti\u00f3n de la responsabilidad social y la sostenibilidad."},"content":{"rendered":"\n<figure class=\"wp-block-image size-full\"><img fetchpriority=\"high\" decoding=\"async\" width=\"900\" height=\"600\" src=\"https:\/\/www.lamartina.edu.pe\/web\/wp-content\/uploads\/2023\/12\/07.gestion-de-resposabilida-social-y-la-sostenibilidad.jpg\" alt=\"\" class=\"wp-image-7382\"\/><\/figure>\n\n\n\n<p>proporciona conocimientos clave para l\u00edderes y administradores en la integraci\u00f3n efectiva de pr\u00e1cticas responsables y sostenibles en organizaciones. Explora estrategias, normativas y herramientas para impulsar la responsabilidad social corporativa y contribuir al desarrollo sostenible.<\/p>\n\n\n\n<p>TEMAS (Esto se te va a alcanzar):<\/p>\n\n\n\n<ul>\n<li>KLSDLSJKDLJSLDS<\/li>\n\n\n\n<li>DFDGDFGDF<\/li>\n\n\n\n<li>FGFDGDFG<\/li>\n\n\n\n<li>FDGFDGDF<\/li>\n<\/ul>\n\n\n\n<p>En este caso va dirigido A:<\/p>\n\n\n\n<ul>\n<li>Profesionales de la ciberseguridad interesados en la integraci\u00f3n de pr\u00e1cticas \u00e9ticas y sostenibles en entornos digitales.<\/li>\n\n\n\n<li>Gerentes de tecnolog\u00eda y responsabilidad corporativa buscando comprender la relaci\u00f3n entre ciberseguridad, responsabilidad social y sostenibilidad.<\/li>\n\n\n\n<li>Estudiantes y acad\u00e9micos enfocados en la intersecci\u00f3n de la \u00e9tica empresarial y la seguridad inform\u00e1tica.<\/li>\n<\/ul>\n\n\n\n<p>DURACI\u00d3N:<\/p>\n\n\n\n<p>250 hora acad\u00e9micas.<\/p>\n\n\n\n<p>CERTIFICADO:<\/p>\n\n\n\n<p>Gesti\u00f3n de la responsabilidad social y la sostenibilidad.<\/p>\n","protected":false},"excerpt":{"rendered":"<p>proporciona conocimientos clave para l\u00edderes y administradores en la integraci\u00f3n efectiva de pr\u00e1cticas responsables y sostenibles en organizaciones. Explora estrategias, [&hellip;]<\/p>\n","protected":false},"author":2,"featured_media":0,"comment_status":"open","ping_status":"open","sticky":false,"template":"","format":"standard","meta":{"footnotes":""},"categories":[38,45],"tags":[],"_links":{"self":[{"href":"https:\/\/www.lamartina.edu.pe\/web\/wp-json\/wp\/v2\/posts\/7146"}],"collection":[{"href":"https:\/\/www.lamartina.edu.pe\/web\/wp-json\/wp\/v2\/posts"}],"about":[{"href":"https:\/\/www.lamartina.edu.pe\/web\/wp-json\/wp\/v2\/types\/post"}],"author":[{"embeddable":true,"href":"https:\/\/www.lamartina.edu.pe\/web\/wp-json\/wp\/v2\/users\/2"}],"replies":[{"embeddable":true,"href":"https:\/\/www.lamartina.edu.pe\/web\/wp-json\/wp\/v2\/comments?post=7146"}],"version-history":[{"count":2,"href":"https:\/\/www.lamartina.edu.pe\/web\/wp-json\/wp\/v2\/posts\/7146\/revisions"}],"predecessor-version":[{"id":7383,"href":"https:\/\/www.lamartina.edu.pe\/web\/wp-json\/wp\/v2\/posts\/7146\/revisions\/7383"}],"wp:attachment":[{"href":"https:\/\/www.lamartina.edu.pe\/web\/wp-json\/wp\/v2\/media?parent=7146"}],"wp:term":[{"taxonomy":"category","embeddable":true,"href":"https:\/\/www.lamartina.edu.pe\/web\/wp-json\/wp\/v2\/categories?post=7146"},{"taxonomy":"post_tag","embeddable":true,"href":"https:\/\/www.lamartina.edu.pe\/web\/wp-json\/wp\/v2\/tags?post=7146"}],"curies":[{"name":"wp","href":"https:\/\/api.w.org\/{rel}","templated":true}]}}