{"id":102,"date":"2023-12-18T11:55:44","date_gmt":"2023-12-18T16:55:44","guid":{"rendered":"https:\/\/www.lamartina.edu.pe\/web\/?p=102"},"modified":"2023-12-18T11:55:47","modified_gmt":"2023-12-18T16:55:47","slug":"salud-ambiental-y-cambio-climatico","status":"publish","type":"post","link":"https:\/\/www.lamartina.edu.pe\/web\/2023\/12\/18\/salud-ambiental-y-cambio-climatico\/","title":{"rendered":"Salud ambiental y cambio clim\u00e1tico"},"content":{"rendered":"\n<figure class=\"wp-block-image size-full\"><img fetchpriority=\"high\" decoding=\"async\" width=\"900\" height=\"600\" src=\"https:\/\/www.lamartina.edu.pe\/web\/wp-content\/uploads\/2023\/12\/8.VGH_.jpg\" alt=\"\" class=\"wp-image-7364\"\/><\/figure>\n\n\n\n<p>Este curso aborda la intersecci\u00f3n entre salud ambiental y cambio clim\u00e1tico. Explora impactos en la salud, medidas de mitigaci\u00f3n, adaptaci\u00f3n, pol\u00edticas p\u00fablicas y pr\u00e1cticas sostenibles, capacitando para abordar desaf\u00edos ambientales desde una perspectiva de salud p\u00fablica<\/p>\n\n\n\n<p><strong>TEMAS (Esto se te va a alcanzar):<\/strong><\/p>\n\n\n\n<ul>\n<li>KLSDLSJKDLJSLDS<\/li>\n\n\n\n<li>DFDGDFGDF<\/li>\n\n\n\n<li>FGFDGDFG<\/li>\n\n\n\n<li>FDGFDGDF<\/li>\n<\/ul>\n\n\n\n<p><strong>Este caso va dirigido A:<\/strong><\/p>\n\n\n\n<ul>\n<li>Profesionales de la salud p\u00fablica y ambiental.<\/li>\n\n\n\n<li>Investigadores y cient\u00edficos enfocados en salud y medio ambiente.<\/li>\n\n\n\n<li>Funcionarios gubernamentales en departamentos de medio ambiente y salud.<\/li>\n\n\n\n<li>Estudiantes de salud ambiental, medicina, o ciencias del medio ambiente.<\/li>\n\n\n\n<li>Activistas y defensores de pol\u00edticas ambientales y de salud.<\/li>\n\n\n\n<li>Trabajadores de ONGs y organizaciones medioambientales.<\/li>\n\n\n\n<li>Responsables de planificaci\u00f3n urbana y desarrollo sostenible.<\/li>\n\n\n\n<li>Profesionales de la industria con inter\u00e9s en impacto ambiental y salud.<\/li>\n\n\n\n<li>Personal involucrado en gesti\u00f3n de crisis ambientales.<\/li>\n\n\n\n<li>Cualquier persona interesada en comprender la relaci\u00f3n entre salud, medio ambiente y cambio clim\u00e1tico.<\/li>\n<\/ul>\n\n\n\n<p><strong>DURACI\u00d3N<\/strong>:<\/p>\n\n\n\n<p>250 hora acad\u00e9micas.<\/p>\n\n\n\n<p><strong>CERTIFICADO:<\/strong><\/p>\n\n\n\n<p>Salud ambiental y cambio clim\u00e1tico<\/p>\n","protected":false},"excerpt":{"rendered":"<p>Este curso aborda la intersecci\u00f3n entre salud ambiental y cambio clim\u00e1tico. Explora impactos en la salud, medidas de mitigaci\u00f3n, adaptaci\u00f3n, [&hellip;]<\/p>\n","protected":false},"author":2,"featured_media":0,"comment_status":"open","ping_status":"open","sticky":false,"template":"","format":"standard","meta":{"footnotes":""},"categories":[35,27],"tags":[],"_links":{"self":[{"href":"https:\/\/www.lamartina.edu.pe\/web\/wp-json\/wp\/v2\/posts\/102"}],"collection":[{"href":"https:\/\/www.lamartina.edu.pe\/web\/wp-json\/wp\/v2\/posts"}],"about":[{"href":"https:\/\/www.lamartina.edu.pe\/web\/wp-json\/wp\/v2\/types\/post"}],"author":[{"embeddable":true,"href":"https:\/\/www.lamartina.edu.pe\/web\/wp-json\/wp\/v2\/users\/2"}],"replies":[{"embeddable":true,"href":"https:\/\/www.lamartina.edu.pe\/web\/wp-json\/wp\/v2\/comments?post=102"}],"version-history":[{"count":2,"href":"https:\/\/www.lamartina.edu.pe\/web\/wp-json\/wp\/v2\/posts\/102\/revisions"}],"predecessor-version":[{"id":7365,"href":"https:\/\/www.lamartina.edu.pe\/web\/wp-json\/wp\/v2\/posts\/102\/revisions\/7365"}],"wp:attachment":[{"href":"https:\/\/www.lamartina.edu.pe\/web\/wp-json\/wp\/v2\/media?parent=102"}],"wp:term":[{"taxonomy":"category","embeddable":true,"href":"https:\/\/www.lamartina.edu.pe\/web\/wp-json\/wp\/v2\/categories?post=102"},{"taxonomy":"post_tag","embeddable":true,"href":"https:\/\/www.lamartina.edu.pe\/web\/wp-json\/wp\/v2\/tags?post=102"}],"curies":[{"name":"wp","href":"https:\/\/api.w.org\/{rel}","templated":true}]}}